{
    "id": 9005,
    "date": "2024-12-17T14:03:47",
    "date_gmt": "2024-12-17T12:03:47",
    "guid": {
        "rendered": "https:\/\/visitoulu.fi\/?p=9005"
    },
    "modified": "2024-12-17T14:03:47",
    "modified_gmt": "2024-12-17T12:03:47",
    "slug": "oulu-kolmessa-paivassa-kulttuuria-merellisyytta-ja-retkia-lahiluontoon",
    "status": "publish",
    "type": "post",
    "link": "http:\/\/visitoulufi-2025-10-14_10_27_17.test.cchosting.fi\/fi\/oulu-kolmessa-paivassa-kulttuuria-merellisyytta-ja-retkia-lahiluontoon\/",
    "title": {
        "rendered": "Oulu kolmessa p\u00e4iv\u00e4ss\u00e4: kulttuuria, merellisyytt\u00e4 ja retki\u00e4 l\u00e4hiluontoon"
    },
    "content": {
        "rendered": "<p>Kolmen p\u00e4iv\u00e4n Oulun vierailun aikana ehdit kokea pohjoisen merenrantakaupunkimme monipuoliset mahdollisuudet. Oulu on Euroopan kulttuurip\u00e4\u00e4kaupunki vuonna 2026 ja tunnettu vilkkaasta tapahtumatarjonnastaan, mutta my\u00f6s kauniista luonnosta ja merellisest\u00e4 ymp\u00e4rist\u00f6st\u00e4. Kokosimme t\u00e4h\u00e4n artikkeliin vinkit, mit\u00e4 Oulussa kannattaa kokea kolmen p\u00e4iv\u00e4n aikana! <\/p>\n\n\n\n<p><\/p>",
        "protected": false
    },
    "excerpt": {
        "rendered": "<p>Kolmen p\u00e4iv\u00e4n Oulun vierailun aikana ehdit kokea pohjoisen merenrantakaupunkimme monipuoliset mahdollisuudet. Oulu on Euroopan kulttuurip\u00e4\u00e4kaupunki vuonna 2026 ja tunnettu vilkkaasta tapahtumatarjonnastaan, mutta my\u00f6s kauniista luonnosta ja merellisest\u00e4 ymp\u00e4rist\u00f6st\u00e4. Kokosimme t\u00e4h\u00e4n artikkeliin vinkit, mit\u00e4 Oulussa kannattaa kokea kolmen p\u00e4iv\u00e4n aikana! [&#8230;]<\/p>\n<p><a class=\"btn btn-secondary understrap-read-more-link\" href=\"http:\/\/visitoulufi-2025-10-14_10_27_17.test.cchosting.fi\/fi\/oulu-kolmessa-paivassa-kulttuuria-merellisyytta-ja-retkia-lahiluontoon\/\">Lue lis\u00e4\u00e4&#8230;<span class=\"screen-reader-text\"> from Oulu kolmessa p\u00e4iv\u00e4ss\u00e4: kulttuuria, merellisyytt\u00e4 ja retki\u00e4 l\u00e4hiluontoon<\/span><\/a><\/p>",
        "protected": false
    },
    "author": 16,
    "featured_media": 8001,
    "comment_status": "closed",
    "ping_status": "open",
    "sticky": false,
    "template": "",
    "format": "standard",
    "meta": {
        "_acf_changed": false,
        "content-type": "",
        "footnotes": ""
    },
    "categories": [
        1
    ],
    "tags": [],
    "coauthors": [
        170
    ],
    "class_list": [
        "post-9005",
        "post",
        "type-post",
        "status-publish",
        "format-standard",
        "has-post-thumbnail",
        "hentry",
        "category-uncategorized-fi"
    ],
    "acf": [],
    "yoast_head": "<!-- This site is optimized with the Yoast SEO plugin v26.0 - https:\/\/yoast.com\/wordpress\/plugins\/seo\/ -->\n<title>Oulu kolmessa p\u00e4iv\u00e4ss\u00e4: kulttuuria, merellisyytt\u00e4 ja retki\u00e4 l\u00e4hiluontoon - Visit Oulu<\/title>\n<meta name=\"robots\" content=\"index, follow, max-snippet:-1, max-image-preview:large, max-video-preview:-1\" \/>\n<link rel=\"canonical\" href=\"https:\/\/visitoulufi-2025-10-14_10_27_17.test.cchosting.fi\/fi\/oulu-kolmessa-paivassa-kulttuuria-merellisyytta-ja-retkia-lahiluontoon\/\" \/>\n<meta property=\"og:locale\" content=\"fi_FI\" \/>\n<meta property=\"og:type\" content=\"article\" \/>\n<meta property=\"og:title\" content=\"Oulu kolmessa p\u00e4iv\u00e4ss\u00e4: kulttuuria, merellisyytt\u00e4 ja retki\u00e4 l\u00e4hiluontoon - Visit Oulu\" \/>\n<meta property=\"og:description\" content=\"Kolmen p\u00e4iv\u00e4n Oulun vierailun aikana ehdit kokea pohjoisen merenrantakaupunkimme monipuoliset mahdollisuudet. Oulu on Euroopan kulttuurip\u00e4\u00e4kaupunki vuonna 2026 ja tunnettu vilkkaasta tapahtumatarjonnastaan, mutta my\u00f6s kauniista luonnosta ja merellisest\u00e4 ymp\u00e4rist\u00f6st\u00e4. Kokosimme t\u00e4h\u00e4n artikkeliin vinkit, mit\u00e4 Oulussa kannattaa kokea kolmen p\u00e4iv\u00e4n aikana! [...]Lue lis\u00e4\u00e4... from Oulu kolmessa p\u00e4iv\u00e4ss\u00e4: kulttuuria, merellisyytt\u00e4 ja retki\u00e4 l\u00e4hiluontoon\" \/>\n<meta property=\"og:url\" content=\"https:\/\/visitoulufi-2025-10-14_10_27_17.test.cchosting.fi\/fi\/oulu-kolmessa-paivassa-kulttuuria-merellisyytta-ja-retkia-lahiluontoon\/\" \/>\n<meta property=\"og:site_name\" content=\"Visit Oulu\" \/>\n<meta property=\"article:published_time\" content=\"2024-12-17T12:03:47+00:00\" \/>\n<meta property=\"og:image\" content=\"https:\/\/visitoulufi-2025-10-14_10_27_17.test.cchosting.fi\/wp-content\/uploads\/2024\/06\/oulu-summer-city-market-square-1.jpg\" \/>\n\t<meta property=\"og:image:width\" content=\"2048\" \/>\n\t<meta property=\"og:image:height\" content=\"1366\" \/>\n\t<meta property=\"og:image:type\" content=\"image\/jpeg\" \/>\n<meta name=\"author\" content=\"Martta Tervonen\" \/>\n<meta name=\"twitter:card\" content=\"summary_large_image\" \/>\n<meta name=\"twitter:label1\" content=\"Kirjoittanut\" \/>\n\t<meta name=\"twitter:data1\" content=\"Martta Tervonen\" \/>\n\t<meta name=\"twitter:label2\" content=\"Arvioitu lukuaika\" \/>\n\t<meta name=\"twitter:data2\" content=\"4 minuuttia\" \/>\n\t<meta name=\"twitter:label3\" content=\"Written by\" \/>\n\t<meta name=\"twitter:data3\" content=\"Martta Tervonen\" \/>\n<script type=\"application\/ld+json\" class=\"yoast-schema-graph\">{\"@context\":\"https:\/\/schema.org\",\"@graph\":[{\"@type\":\"WebPage\",\"@id\":\"https:\/\/visitoulufi-2025-10-14_10_27_17.test.cchosting.fi\/oulu-kolmessa-paivassa-kulttuuria-merellisyytta-ja-retkia-lahiluontoon\/\",\"url\":\"https:\/\/visitoulufi-2025-10-14_10_27_17.test.cchosting.fi\/oulu-kolmessa-paivassa-kulttuuria-merellisyytta-ja-retkia-lahiluontoon\/\",\"name\":\"Oulu kolmessa p\u00e4iv\u00e4ss\u00e4: kulttuuria, merellisyytt\u00e4 ja retki\u00e4 l\u00e4hiluontoon - Visit Oulu\",\"isPartOf\":{\"@id\":\"https:\/\/visitoulufi-2025-10-14_10_27_17.test.cchosting.fi\/#website\"},\"primaryImageOfPage\":{\"@id\":\"https:\/\/visitoulufi-2025-10-14_10_27_17.test.cchosting.fi\/oulu-kolmessa-paivassa-kulttuuria-merellisyytta-ja-retkia-lahiluontoon\/#primaryimage\"},\"image\":{\"@id\":\"https:\/\/visitoulufi-2025-10-14_10_27_17.test.cchosting.fi\/oulu-kolmessa-paivassa-kulttuuria-merellisyytta-ja-retkia-lahiluontoon\/#primaryimage\"},\"thumbnailUrl\":\"https:\/\/visitoulufi-2025-10-14_10_27_17.test.cchosting.fi\/wp-content\/uploads\/2024\/06\/oulu-summer-city-market-square-1.jpg\",\"datePublished\":\"2024-12-17T12:03:47+00:00\",\"author\":{\"@id\":\"https:\/\/visitoulufi-2025-10-14_10_27_17.test.cchosting.fi\/#\/schema\/person\/e4fa22cddd885815635ef576a4671ea5\"},\"breadcrumb\":{\"@id\":\"https:\/\/visitoulufi-2025-10-14_10_27_17.test.cchosting.fi\/oulu-kolmessa-paivassa-kulttuuria-merellisyytta-ja-retkia-lahiluontoon\/#breadcrumb\"},\"inLanguage\":\"fi\",\"potentialAction\":[{\"@type\":\"ReadAction\",\"target\":[\"https:\/\/visitoulufi-2025-10-14_10_27_17.test.cchosting.fi\/oulu-kolmessa-paivassa-kulttuuria-merellisyytta-ja-retkia-lahiluontoon\/\"]}]},{\"@type\":\"ImageObject\",\"inLanguage\":\"fi\",\"@id\":\"https:\/\/visitoulufi-2025-10-14_10_27_17.test.cchosting.fi\/oulu-kolmessa-paivassa-kulttuuria-merellisyytta-ja-retkia-lahiluontoon\/#primaryimage\",\"url\":\"https:\/\/visitoulufi-2025-10-14_10_27_17.test.cchosting.fi\/wp-content\/uploads\/2024\/06\/oulu-summer-city-market-square-1.jpg\",\"contentUrl\":\"https:\/\/visitoulufi-2025-10-14_10_27_17.test.cchosting.fi\/wp-content\/uploads\/2024\/06\/oulu-summer-city-market-square-1.jpg\",\"width\":2048,\"height\":1366},{\"@type\":\"BreadcrumbList\",\"@id\":\"https:\/\/visitoulufi-2025-10-14_10_27_17.test.cchosting.fi\/oulu-kolmessa-paivassa-kulttuuria-merellisyytta-ja-retkia-lahiluontoon\/#breadcrumb\",\"itemListElement\":[{\"@type\":\"ListItem\",\"position\":1,\"name\":\"Etusivu\",\"item\":\"https:\/\/visitoulufi-2025-10-14_10_27_17.test.cchosting.fi\/\"},{\"@type\":\"ListItem\",\"position\":2,\"name\":\"Oulu kolmessa p\u00e4iv\u00e4ss\u00e4: kulttuuria, merellisyytt\u00e4 ja retki\u00e4 l\u00e4hiluontoon\"}]},{\"@type\":\"WebSite\",\"@id\":\"https:\/\/visitoulufi-2025-10-14_10_27_17.test.cchosting.fi\/#website\",\"url\":\"https:\/\/visitoulufi-2025-10-14_10_27_17.test.cchosting.fi\/\",\"name\":\"Visit Oulu\",\"description\":\"\",\"potentialAction\":[{\"@type\":\"SearchAction\",\"target\":{\"@type\":\"EntryPoint\",\"urlTemplate\":\"https:\/\/visitoulufi-2025-10-14_10_27_17.test.cchosting.fi\/?s={search_term_string}\"},\"query-input\":{\"@type\":\"PropertyValueSpecification\",\"valueRequired\":true,\"valueName\":\"search_term_string\"}}],\"inLanguage\":\"fi\"},{\"@type\":\"Person\",\"@id\":\"https:\/\/visitoulufi-2025-10-14_10_27_17.test.cchosting.fi\/#\/schema\/person\/e4fa22cddd885815635ef576a4671ea5\",\"name\":\"Martta Tervonen\",\"image\":{\"@type\":\"ImageObject\",\"inLanguage\":\"fi\",\"@id\":\"https:\/\/visitoulufi-2025-10-14_10_27_17.test.cchosting.fi\/#\/schema\/person\/image\/f7518900e54810cb0b6e210276371a2b\",\"url\":\"https:\/\/secure.gravatar.com\/avatar\/5d56cbcb037a03cd27f55c0d517ea5d960decae21472e09ed443ee49b54972e6?s=96&d=mm&r=g\",\"contentUrl\":\"https:\/\/secure.gravatar.com\/avatar\/5d56cbcb037a03cd27f55c0d517ea5d960decae21472e09ed443ee49b54972e6?s=96&d=mm&r=g\",\"caption\":\"Martta Tervonen\"},\"url\":\"http:\/\/visitoulufi-2025-10-14_10_27_17.test.cchosting.fi\/fi\/author\/martta\/\"}]}<\/script>\n<!-- \/ Yoast SEO plugin. -->",
    "yoast_head_json": {
        "title": "Oulu kolmessa p\u00e4iv\u00e4ss\u00e4: kulttuuria, merellisyytt\u00e4 ja retki\u00e4 l\u00e4hiluontoon - Visit Oulu",
        "robots": {
            "index": "index",
            "follow": "follow",
            "max-snippet": "max-snippet:-1",
            "max-image-preview": "max-image-preview:large",
            "max-video-preview": "max-video-preview:-1"
        },
        "canonical": "https:\/\/visitoulufi-2025-10-14_10_27_17.test.cchosting.fi\/fi\/oulu-kolmessa-paivassa-kulttuuria-merellisyytta-ja-retkia-lahiluontoon\/",
        "og_locale": "fi_FI",
        "og_type": "article",
        "og_title": "Oulu kolmessa p\u00e4iv\u00e4ss\u00e4: kulttuuria, merellisyytt\u00e4 ja retki\u00e4 l\u00e4hiluontoon - Visit Oulu",
        "og_description": "Kolmen p\u00e4iv\u00e4n Oulun vierailun aikana ehdit kokea pohjoisen merenrantakaupunkimme monipuoliset mahdollisuudet. Oulu on Euroopan kulttuurip\u00e4\u00e4kaupunki vuonna 2026 ja tunnettu vilkkaasta tapahtumatarjonnastaan, mutta my\u00f6s kauniista luonnosta ja merellisest\u00e4 ymp\u00e4rist\u00f6st\u00e4. Kokosimme t\u00e4h\u00e4n artikkeliin vinkit, mit\u00e4 Oulussa kannattaa kokea kolmen p\u00e4iv\u00e4n aikana! [...]Lue lis\u00e4\u00e4... from Oulu kolmessa p\u00e4iv\u00e4ss\u00e4: kulttuuria, merellisyytt\u00e4 ja retki\u00e4 l\u00e4hiluontoon",
        "og_url": "https:\/\/visitoulufi-2025-10-14_10_27_17.test.cchosting.fi\/fi\/oulu-kolmessa-paivassa-kulttuuria-merellisyytta-ja-retkia-lahiluontoon\/",
        "og_site_name": "Visit Oulu",
        "article_published_time": "2024-12-17T12:03:47+00:00",
        "og_image": [
            {
                "width": 2048,
                "height": 1366,
                "url": "https:\/\/visitoulufi-2025-10-14_10_27_17.test.cchosting.fi\/wp-content\/uploads\/2024\/06\/oulu-summer-city-market-square-1.jpg",
                "type": "image\/jpeg"
            }
        ],
        "author": "Martta Tervonen",
        "twitter_card": "summary_large_image",
        "twitter_misc": {
            "Kirjoittanut": "Martta Tervonen",
            "Arvioitu lukuaika": "4 minuuttia",
            "Written by": "Martta Tervonen"
        },
        "schema": {
            "@context": "https:\/\/schema.org",
            "@graph": [
                {
                    "@type": "WebPage",
                    "@id": "https:\/\/visitoulufi-2025-10-14_10_27_17.test.cchosting.fi\/oulu-kolmessa-paivassa-kulttuuria-merellisyytta-ja-retkia-lahiluontoon\/",
                    "url": "https:\/\/visitoulufi-2025-10-14_10_27_17.test.cchosting.fi\/oulu-kolmessa-paivassa-kulttuuria-merellisyytta-ja-retkia-lahiluontoon\/",
                    "name": "Oulu kolmessa p\u00e4iv\u00e4ss\u00e4: kulttuuria, merellisyytt\u00e4 ja retki\u00e4 l\u00e4hiluontoon - Visit Oulu",
                    "isPartOf": {
                        "@id": "https:\/\/visitoulufi-2025-10-14_10_27_17.test.cchosting.fi\/#website"
                    },
                    "primaryImageOfPage": {
                        "@id": "https:\/\/visitoulufi-2025-10-14_10_27_17.test.cchosting.fi\/oulu-kolmessa-paivassa-kulttuuria-merellisyytta-ja-retkia-lahiluontoon\/#primaryimage"
                    },
                    "image": {
                        "@id": "https:\/\/visitoulufi-2025-10-14_10_27_17.test.cchosting.fi\/oulu-kolmessa-paivassa-kulttuuria-merellisyytta-ja-retkia-lahiluontoon\/#primaryimage"
                    },
                    "thumbnailUrl": "https:\/\/visitoulufi-2025-10-14_10_27_17.test.cchosting.fi\/wp-content\/uploads\/2024\/06\/oulu-summer-city-market-square-1.jpg",
                    "datePublished": "2024-12-17T12:03:47+00:00",
                    "author": {
                        "@id": "https:\/\/visitoulufi-2025-10-14_10_27_17.test.cchosting.fi\/#\/schema\/person\/e4fa22cddd885815635ef576a4671ea5"
                    },
                    "breadcrumb": {
                        "@id": "https:\/\/visitoulufi-2025-10-14_10_27_17.test.cchosting.fi\/oulu-kolmessa-paivassa-kulttuuria-merellisyytta-ja-retkia-lahiluontoon\/#breadcrumb"
                    },
                    "inLanguage": "fi",
                    "potentialAction": [
                        {
                            "@type": "ReadAction",
                            "target": [
                                "https:\/\/visitoulufi-2025-10-14_10_27_17.test.cchosting.fi\/oulu-kolmessa-paivassa-kulttuuria-merellisyytta-ja-retkia-lahiluontoon\/"
                            ]
                        }
                    ]
                },
                {
                    "@type": "ImageObject",
                    "inLanguage": "fi",
                    "@id": "https:\/\/visitoulufi-2025-10-14_10_27_17.test.cchosting.fi\/oulu-kolmessa-paivassa-kulttuuria-merellisyytta-ja-retkia-lahiluontoon\/#primaryimage",
                    "url": "https:\/\/visitoulufi-2025-10-14_10_27_17.test.cchosting.fi\/wp-content\/uploads\/2024\/06\/oulu-summer-city-market-square-1.jpg",
                    "contentUrl": "https:\/\/visitoulufi-2025-10-14_10_27_17.test.cchosting.fi\/wp-content\/uploads\/2024\/06\/oulu-summer-city-market-square-1.jpg",
                    "width": 2048,
                    "height": 1366
                },
                {
                    "@type": "BreadcrumbList",
                    "@id": "https:\/\/visitoulufi-2025-10-14_10_27_17.test.cchosting.fi\/oulu-kolmessa-paivassa-kulttuuria-merellisyytta-ja-retkia-lahiluontoon\/#breadcrumb",
                    "itemListElement": [
                        {
                            "@type": "ListItem",
                            "position": 1,
                            "name": "Etusivu",
                            "item": "https:\/\/visitoulufi-2025-10-14_10_27_17.test.cchosting.fi\/"
                        },
                        {
                            "@type": "ListItem",
                            "position": 2,
                            "name": "Oulu kolmessa p\u00e4iv\u00e4ss\u00e4: kulttuuria, merellisyytt\u00e4 ja retki\u00e4 l\u00e4hiluontoon"
                        }
                    ]
                },
                {
                    "@type": "WebSite",
                    "@id": "https:\/\/visitoulufi-2025-10-14_10_27_17.test.cchosting.fi\/#website",
                    "url": "https:\/\/visitoulufi-2025-10-14_10_27_17.test.cchosting.fi\/",
                    "name": "Visit Oulu",
                    "description": "",
                    "potentialAction": [
                        {
                            "@type": "SearchAction",
                            "target": {
                                "@type": "EntryPoint",
                                "urlTemplate": "https:\/\/visitoulufi-2025-10-14_10_27_17.test.cchosting.fi\/?s={search_term_string}"
                            },
                            "query-input": {
                                "@type": "PropertyValueSpecification",
                                "valueRequired": true,
                                "valueName": "search_term_string"
                            }
                        }
                    ],
                    "inLanguage": "fi"
                },
                {
                    "@type": "Person",
                    "@id": "https:\/\/visitoulufi-2025-10-14_10_27_17.test.cchosting.fi\/#\/schema\/person\/e4fa22cddd885815635ef576a4671ea5",
                    "name": "Martta Tervonen",
                    "image": {
                        "@type": "ImageObject",
                        "inLanguage": "fi",
                        "@id": "https:\/\/visitoulufi-2025-10-14_10_27_17.test.cchosting.fi\/#\/schema\/person\/image\/f7518900e54810cb0b6e210276371a2b",
                        "url": "https:\/\/secure.gravatar.com\/avatar\/5d56cbcb037a03cd27f55c0d517ea5d960decae21472e09ed443ee49b54972e6?s=96&d=mm&r=g",
                        "contentUrl": "https:\/\/secure.gravatar.com\/avatar\/5d56cbcb037a03cd27f55c0d517ea5d960decae21472e09ed443ee49b54972e6?s=96&d=mm&r=g",
                        "caption": "Martta Tervonen"
                    },
                    "url": "http:\/\/visitoulufi-2025-10-14_10_27_17.test.cchosting.fi\/fi\/author\/martta\/"
                }
            ]
        }
    },
    "_links": {
        "self": [
            {
                "href": "http:\/\/visitoulufi-2025-10-14_10_27_17.test.cchosting.fi\/fi\/wp-json\/wp\/v2\/posts\/9005",
                "targetHints": {
                    "allow": [
                        "GET"
                    ]
                }
            }
        ],
        "collection": [
            {
                "href": "http:\/\/visitoulufi-2025-10-14_10_27_17.test.cchosting.fi\/fi\/wp-json\/wp\/v2\/posts"
            }
        ],
        "about": [
            {
                "href": "http:\/\/visitoulufi-2025-10-14_10_27_17.test.cchosting.fi\/fi\/wp-json\/wp\/v2\/types\/post"
            }
        ],
        "author": [
            {
                "embeddable": true,
                "href": "http:\/\/visitoulufi-2025-10-14_10_27_17.test.cchosting.fi\/fi\/wp-json\/wp\/v2\/users\/16"
            }
        ],
        "replies": [
            {
                "embeddable": true,
                "href": "http:\/\/visitoulufi-2025-10-14_10_27_17.test.cchosting.fi\/fi\/wp-json\/wp\/v2\/comments?post=9005"
            }
        ],
        "version-history": [
            {
                "count": 38,
                "href": "http:\/\/visitoulufi-2025-10-14_10_27_17.test.cchosting.fi\/fi\/wp-json\/wp\/v2\/posts\/9005\/revisions"
            }
        ],
        "predecessor-version": [
            {
                "id": 9442,
                "href": "http:\/\/visitoulufi-2025-10-14_10_27_17.test.cchosting.fi\/fi\/wp-json\/wp\/v2\/posts\/9005\/revisions\/9442"
            }
        ],
        "wp:featuredmedia": [
            {
                "embeddable": true,
                "href": "http:\/\/visitoulufi-2025-10-14_10_27_17.test.cchosting.fi\/fi\/wp-json\/wp\/v2\/media\/8001"
            }
        ],
        "wp:attachment": [
            {
                "href": "http:\/\/visitoulufi-2025-10-14_10_27_17.test.cchosting.fi\/fi\/wp-json\/wp\/v2\/media?parent=9005"
            }
        ],
        "wp:term": [
            {
                "taxonomy": "category",
                "embeddable": true,
                "href": "http:\/\/visitoulufi-2025-10-14_10_27_17.test.cchosting.fi\/fi\/wp-json\/wp\/v2\/categories?post=9005"
            },
            {
                "taxonomy": "post_tag",
                "embeddable": true,
                "href": "http:\/\/visitoulufi-2025-10-14_10_27_17.test.cchosting.fi\/fi\/wp-json\/wp\/v2\/tags?post=9005"
            },
            {
                "taxonomy": "author",
                "embeddable": true,
                "href": "http:\/\/visitoulufi-2025-10-14_10_27_17.test.cchosting.fi\/fi\/wp-json\/wp\/v2\/coauthors?post=9005"
            }
        ],
        "curies": [
            {
                "name": "wp",
                "href": "https:\/\/api.w.org\/{rel}",
                "templated": true
            }
        ]
    }
}